{"id":206,"date":"2017-10-03T00:57:43","date_gmt":"2017-10-02T22:57:43","guid":{"rendered":"http:\/\/alde.lu\/wp\/?p=206"},"modified":"2018-09-20T00:20:13","modified_gmt":"2018-09-19T22:20:13","slug":"promenade-au-fil-de-leau","status":"publish","type":"post","link":"http:\/\/alde.lu\/?p=206","title":{"rendered":"Promenade: Au fil de l&#8217;eau"},"content":{"rendered":"<div class=\"fusion-fullwidth fullwidth-box fusion-builder-row-1 nonhundred-percent-fullwidth non-hundred-percent-height-scrolling\" style=\"--awb-border-radius-top-left:0px;--awb-border-radius-top-right:0px;--awb-border-radius-bottom-right:0px;--awb-border-radius-bottom-left:0px;--awb-flex-wrap:wrap;\" ><div class=\"fusion-builder-row fusion-row\"><div class=\"fusion-layout-column fusion_builder_column fusion-builder-column-0 fusion_builder_column_1_1 1_1 fusion-one-full fusion-column-first fusion-column-last\" style=\"--awb-bg-size:cover;--awb-margin-bottom:0px;\"><div class=\"fusion-column-wrapper fusion-flex-column-wrapper-legacy\"><div class=\"fusion-text fusion-text-1\"><h1>Au fil de l&#8217;eau<\/h1>\n<h3>Promenade<\/h3>\n<h3>Samedi, 17 juin 2017<\/h3>\n<p>Edgar Arendt, bourgmestre de la commune de Betzdorf, pr\u00e9sident du partenariat de cours d&#8217;eau de Syre et ancien secr\u00e9taire de notre association, nous fera d\u00e9couvrir lors de cette promenade le parcours de l&#8217;eau, de la source \u00e0 la station d&#8217;\u00e9puration.<\/p>\n<p>Il nous fournira non seulement des explications techniques sur ce parcours, mais \u00e9galement juridiques et notamment environnementales.<\/p>\n<p>La promenade sera suivie d&#8217;un d\u00e9jeuner en commun. Au cours de ce repas, Edgard Arendt fera un bref expos\u00e9 sur la fa\u00e7on dont les dispositions du Code civil relatives \u00e0 l&#8217;eau sont appliqu\u00e9es.<\/p>\n<\/div><div class=\"fusion-button-wrapper\"><a class=\"fusion-button button-flat fusion-button-default-size button-default fusion-button-default button-1 fusion-button-default-span fusion-button-default-type\" style=\"--button_text_transform:none;\" target=\"_self\" href=\"http:\/\/alde.lu\/wp\/wp-content\/uploads\/2017\/10\/promenade_20170617_presentation.pdf\"><span class=\"fusion-button-text awb-button__text awb-button__text--default\">T\u00e9l\u00e9chargez le discours<\/span><\/a><\/div><div class=\"fusion-clearfix\"><\/div><\/div><\/div><\/div><\/div>\n","protected":false},"excerpt":{"rendered":"","protected":false},"author":3,"featured_media":197,"comment_status":"closed","ping_status":"closed","sticky":false,"template":"","format":"standard","meta":{"footnotes":""},"categories":[7],"tags":[6],"class_list":["post-206","post","type-post","status-publish","format-standard","has-post-thumbnail","hentry","category-promenade","tag-6"],"_links":{"self":[{"href":"http:\/\/alde.lu\/index.php?rest_route=\/wp\/v2\/posts\/206","targetHints":{"allow":["GET"]}}],"collection":[{"href":"http:\/\/alde.lu\/index.php?rest_route=\/wp\/v2\/posts"}],"about":[{"href":"http:\/\/alde.lu\/index.php?rest_route=\/wp\/v2\/types\/post"}],"author":[{"embeddable":true,"href":"http:\/\/alde.lu\/index.php?rest_route=\/wp\/v2\/users\/3"}],"replies":[{"embeddable":true,"href":"http:\/\/alde.lu\/index.php?rest_route=%2Fwp%2Fv2%2Fcomments&post=206"}],"version-history":[{"count":7,"href":"http:\/\/alde.lu\/index.php?rest_route=\/wp\/v2\/posts\/206\/revisions"}],"predecessor-version":[{"id":217,"href":"http:\/\/alde.lu\/index.php?rest_route=\/wp\/v2\/posts\/206\/revisions\/217"}],"wp:featuredmedia":[{"embeddable":true,"href":"http:\/\/alde.lu\/index.php?rest_route=\/wp\/v2\/media\/197"}],"wp:attachment":[{"href":"http:\/\/alde.lu\/index.php?rest_route=%2Fwp%2Fv2%2Fmedia&parent=206"}],"wp:term":[{"taxonomy":"category","embeddable":true,"href":"http:\/\/alde.lu\/index.php?rest_route=%2Fwp%2Fv2%2Fcategories&post=206"},{"taxonomy":"post_tag","embeddable":true,"href":"http:\/\/alde.lu\/index.php?rest_route=%2Fwp%2Fv2%2Ftags&post=206"}],"curies":[{"name":"wp","href":"https:\/\/api.w.org\/{rel}","templated":true}]}}