{"id":40378,"date":"2021-05-31T22:19:53","date_gmt":"2021-05-31T20:19:53","guid":{"rendered":"http:\/\/alde.lu\/?p=40378"},"modified":"2021-09-06T23:40:24","modified_gmt":"2021-09-06T21:40:24","slug":"le-droit-de-lenvironnement-et-le-droit-bancaire-et-financier","status":"publish","type":"post","link":"http:\/\/alde.lu\/?p=40378","title":{"rendered":"Le droit de l&#8217;environnement et le droit bancaire et financier"},"content":{"rendered":"<div class=\"fusion-fullwidth fullwidth-box fusion-builder-row-1 nonhundred-percent-fullwidth non-hundred-percent-height-scrolling\" style=\"--awb-border-radius-top-left:0px;--awb-border-radius-top-right:0px;--awb-border-radius-bottom-right:0px;--awb-border-radius-bottom-left:0px;--awb-flex-wrap:wrap;\" ><div class=\"fusion-builder-row fusion-row\"><div class=\"fusion-layout-column fusion_builder_column fusion-builder-column-0 fusion_builder_column_1_1 1_1 fusion-one-full fusion-column-first fusion-column-last\" style=\"--awb-bg-size:cover;\"><div class=\"fusion-column-wrapper fusion-flex-column-wrapper-legacy\"><div class=\"fusion-text fusion-text-1\"><h1>Conf\u00e9rence-d\u00e9bat<\/h1>\n<h1>\u00ab LE DROIT DE L\u2019ENVIRONNEMENT ET LE DROIT BANCAIRE ET FINANCIER<\/h1>\n<h2><i><span lang=\"FR-LU\">Le r\u00e8glement 2019\/2088 sur la publication d\u2019informations en mati\u00e8re de durabilit\u00e9 dans le secteur des activit\u00e9s financi\u00e8res et son impact sur la place du Luxembourg \u00bb.\u00a0<\/span><\/i><\/h2>\n<h2><span lang=\"FR-LU\">Cette conf\u00e9rence sera tenue en collaboration avec la Conf\u00e9rence Saint-Yves.<\/span><\/h2>\n<h3>Lundi, 14 juin 2021, \u00e0 18:00 heures, par vid\u00e9oconf\u00e9rence<\/h3>\n<\/div><div class=\"fusion-aligncenter\"><a class=\"fusion-button button-flat fusion-button-default-size button-default fusion-button-default button-1 fusion-button-default-span fusion-button-default-type\" target=\"_blank\" rel=\"noopener noreferrer\" href=\"http:\/\/alde.lu\/wp\/wp-content\/uploads\/2021\/09\/conference_debat_210614_presentation.pdf\"><span class=\"fusion-button-text awb-button__text awb-button__text--default\">T\u00e9l\u00e9chargez la pr\u00e9sentation<\/span><\/a><\/div><div class=\"fusion-clearfix\"><\/div><\/div><\/div><\/div><\/div>\n","protected":false},"excerpt":{"rendered":"","protected":false},"author":3,"featured_media":40384,"comment_status":"closed","ping_status":"closed","sticky":false,"template":"","format":"standard","meta":{"footnotes":""},"categories":[5],"tags":[18],"class_list":["post-40378","post","type-post","status-publish","format-standard","has-post-thumbnail","hentry","category-conference-debat","tag-18"],"_links":{"self":[{"href":"http:\/\/alde.lu\/index.php?rest_route=\/wp\/v2\/posts\/40378","targetHints":{"allow":["GET"]}}],"collection":[{"href":"http:\/\/alde.lu\/index.php?rest_route=\/wp\/v2\/posts"}],"about":[{"href":"http:\/\/alde.lu\/index.php?rest_route=\/wp\/v2\/types\/post"}],"author":[{"embeddable":true,"href":"http:\/\/alde.lu\/index.php?rest_route=\/wp\/v2\/users\/3"}],"replies":[{"embeddable":true,"href":"http:\/\/alde.lu\/index.php?rest_route=%2Fwp%2Fv2%2Fcomments&post=40378"}],"version-history":[{"count":4,"href":"http:\/\/alde.lu\/index.php?rest_route=\/wp\/v2\/posts\/40378\/revisions"}],"predecessor-version":[{"id":40436,"href":"http:\/\/alde.lu\/index.php?rest_route=\/wp\/v2\/posts\/40378\/revisions\/40436"}],"wp:featuredmedia":[{"embeddable":true,"href":"http:\/\/alde.lu\/index.php?rest_route=\/wp\/v2\/media\/40384"}],"wp:attachment":[{"href":"http:\/\/alde.lu\/index.php?rest_route=%2Fwp%2Fv2%2Fmedia&parent=40378"}],"wp:term":[{"taxonomy":"category","embeddable":true,"href":"http:\/\/alde.lu\/index.php?rest_route=%2Fwp%2Fv2%2Fcategories&post=40378"},{"taxonomy":"post_tag","embeddable":true,"href":"http:\/\/alde.lu\/index.php?rest_route=%2Fwp%2Fv2%2Ftags&post=40378"}],"curies":[{"name":"wp","href":"https:\/\/api.w.org\/{rel}","templated":true}]}}