{"id":41735,"date":"2023-02-20T11:54:44","date_gmt":"2023-02-20T09:54:44","guid":{"rendered":"http:\/\/alde.lu\/?p=41735"},"modified":"2023-04-16T23:24:02","modified_gmt":"2023-04-16T21:24:02","slug":"changement-climatique-leurope-a-lepreuve-des-generations-futures-2","status":"publish","type":"post","link":"http:\/\/alde.lu\/?p=41735","title":{"rendered":"Enjeux et d\u00e9fis du droit de l\u2019\u00e9nergie"},"content":{"rendered":"<div class=\"fusion-fullwidth fullwidth-box fusion-builder-row-1 nonhundred-percent-fullwidth non-hundred-percent-height-scrolling\" style=\"--awb-border-radius-top-left:0px;--awb-border-radius-top-right:0px;--awb-border-radius-bottom-right:0px;--awb-border-radius-bottom-left:0px;--awb-flex-wrap:wrap;\" ><div class=\"fusion-builder-row fusion-row\"><div class=\"fusion-layout-column fusion_builder_column fusion-builder-column-0 fusion_builder_column_1_1 1_1 fusion-one-full fusion-column-first fusion-column-last\" style=\"--awb-bg-size:cover;\"><div class=\"fusion-column-wrapper fusion-flex-column-wrapper-legacy\"><div class=\"fusion-text fusion-text-1\"><h1>Conf\u00e9rence<\/h1>\n<h1 style=\"text-align: center;\">\u00a0<span class=\"fontstyle0\">\u00ab Enjeux et d\u00e9fis du droit de l&#8217;\u00e9nergie \u00bb<br \/>\n<em>De la s\u00e9curit\u00e9 de l\u2019approvisionnement \u00e0 la transition \u00e9nerg\u00e9tique en droit <\/em><em>international, europ\u00e9en et luxembourgeois<\/em><\/span><\/h1>\n<h2><span class=\"fontstyle0\">\u00ab<\/span><span class=\"fontstyle0\"><em> International cooperation in the energy sector and the modernisation of the Energy Charter Treaty<\/em> <\/span><span class=\"fontstyle0\">\u00bb<br \/>\npar <\/span><span lang=\"FR-LU\">Monsieur Matthew Happold,<br \/>\nProfesseur de droit international \u00e0 l&#8217;Universit\u00e9 de Luxembourg et sp\u00e9cialiste du Trait\u00e9 sur la Charte de l&#8217;\u00e9nergie ;<u><\/u><u><\/u><\/span><\/h2>\n<h3><\/h3>\n<\/div><div class=\"fusion-clearfix\"><\/div><\/div><\/div><div class=\"fusion-layout-column fusion_builder_column fusion-builder-column-1 fusion_builder_column_1_1 1_1 fusion-one-full fusion-column-first fusion-column-last\" style=\"--awb-bg-size:cover;\"><div class=\"fusion-column-wrapper fusion-flex-column-wrapper-legacy\"><div class=\"fusion-text fusion-text-2\"><h2><\/h2>\n<h2><span class=\"fontstyle0\">\u00ab <em>D\u00e9veloppements r\u00e9cents concernant le droit europ\u00e9en de l\u2019\u00e9nergie et<\/em> <em>notamment la question de la s\u00e9curit\u00e9 de l&#8217;approvisionnement \u00e9nerg\u00e9tique<\/em>\u00a0<\/span><span class=\"fontstyle0\">\u00bb<br \/>\n<\/span><span lang=\"FR-LU\">par Monsieur Adrien de Haute,<br \/>\nChef de cabinet du Pr\u00e9sident du Tribunal de l&#8217;UE\u00a0<\/span><\/h2>\n<h3><\/h3>\n<\/div><div class=\"fusion-aligncenter\"><a class=\"fusion-button button-flat fusion-button-default-size button-default fusion-button-default button-1 fusion-button-default-span fusion-button-default-type\" target=\"_blank\" rel=\"noopener noreferrer\" href=\"http:\/\/alde.lu\/wp\/wp-content\/uploads\/2023\/04\/conference_debat_20230322_presentation_DeHaute.pdf\"><span class=\"fusion-button-text awb-button__text awb-button__text--default\">T\u00e9l\u00e9chargez la pr\u00e9sentation<\/span><\/a><\/div><div class=\"fusion-clearfix\"><\/div><\/div><\/div><div class=\"fusion-layout-column fusion_builder_column fusion-builder-column-2 fusion_builder_column_1_1 1_1 fusion-one-full fusion-column-first fusion-column-last\" style=\"--awb-bg-size:cover;\"><div class=\"fusion-column-wrapper fusion-flex-column-wrapper-legacy\"><div class=\"fusion-text fusion-text-3\"><h2><\/h2>\n<h2><span class=\"fontstyle0\">\u00ab<em> La pratique luxembourgeoise du droit de l\u2019\u00e9nergie<\/em>\u00a0<\/span><span class=\"fontstyle0\">\u00bb<br \/>\n<\/span><span lang=\"FR-LU\">par Madame Anne Metzler,<br \/>\nConseiller juridique au D\u00e9partement de l\u2019\u00e9nergie, Minist\u00e8re de l\u2019\u00c9nergie et de l\u2019Am\u00e9nagement du territoire.<\/span><\/h2>\n<h3><\/h3>\n<\/div><div class=\"fusion-aligncenter\"><a class=\"fusion-button button-flat fusion-button-default-size button-default fusion-button-default button-2 fusion-button-default-span fusion-button-default-type\" target=\"_blank\" rel=\"noopener noreferrer\" href=\"http:\/\/alde.lu\/wp\/wp-content\/uploads\/2023\/04\/conference_debat_20230322_presentation_Metzler.pdf\"><span class=\"fusion-button-text awb-button__text awb-button__text--default\">T\u00e9l\u00e9chargez la pr\u00e9sentation<\/span><\/a><\/div><div class=\"fusion-clearfix\"><\/div><\/div><\/div><div class=\"fusion-layout-column fusion_builder_column fusion-builder-column-3 fusion_builder_column_1_1 1_1 fusion-one-full fusion-column-first fusion-column-last\" style=\"--awb-bg-size:cover;\"><div class=\"fusion-column-wrapper fusion-flex-column-wrapper-legacy\"><div class=\"fusion-text fusion-text-4\"><h2><\/h2>\n<h2><span class=\"fontstyle0\"> Organisateurs: Conf\u00e9rence Saint Yves \/ Association Luxembourgeoise pour le<br \/>\nDroit de l&#8217;Environnement \/ ELSA Luxembourg<\/span><\/h2>\n<h2><span class=\"fontstyle0\">Langues : FR\/EN<br \/>\n<\/span><\/h2>\n<h3>Mercredi, 22 mars 2023, \u00e0 18:30 heures,<\/h3>\n<h3>5, Place Winston Churchill, Luxembourg, et par visio-conf\u00e9rence.<\/h3>\n<h3>et par visio-conf\u00e9rence<\/h3>\n<\/div><div class=\"fusion-aligncenter\"><a class=\"fusion-button button-flat fusion-button-default-size button-default fusion-button-default button-3 fusion-button-default-span fusion-button-default-type\" target=\"_blank\" rel=\"noopener noreferrer\" href=\"http:\/\/alde.lu\/wp\/wp-content\/uploads\/2023\/02\/conference_debat_20230322.pdf\"><span class=\"fusion-button-text awb-button__text awb-button__text--default\">T\u00e9l\u00e9chargez l&#8217;invitation<\/span><\/a><\/div><div class=\"fusion-clearfix\"><\/div><\/div><\/div><\/div><\/div>\n","protected":false},"excerpt":{"rendered":"","protected":false},"author":3,"featured_media":704,"comment_status":"closed","ping_status":"closed","sticky":false,"template":"","format":"standard","meta":{"footnotes":""},"categories":[5],"tags":[21],"class_list":["post-41735","post","type-post","status-publish","format-standard","has-post-thumbnail","hentry","category-conference-debat","tag-21"],"_links":{"self":[{"href":"http:\/\/alde.lu\/index.php?rest_route=\/wp\/v2\/posts\/41735","targetHints":{"allow":["GET"]}}],"collection":[{"href":"http:\/\/alde.lu\/index.php?rest_route=\/wp\/v2\/posts"}],"about":[{"href":"http:\/\/alde.lu\/index.php?rest_route=\/wp\/v2\/types\/post"}],"author":[{"embeddable":true,"href":"http:\/\/alde.lu\/index.php?rest_route=\/wp\/v2\/users\/3"}],"replies":[{"embeddable":true,"href":"http:\/\/alde.lu\/index.php?rest_route=%2Fwp%2Fv2%2Fcomments&post=41735"}],"version-history":[{"count":5,"href":"http:\/\/alde.lu\/index.php?rest_route=\/wp\/v2\/posts\/41735\/revisions"}],"predecessor-version":[{"id":42358,"href":"http:\/\/alde.lu\/index.php?rest_route=\/wp\/v2\/posts\/41735\/revisions\/42358"}],"wp:featuredmedia":[{"embeddable":true,"href":"http:\/\/alde.lu\/index.php?rest_route=\/wp\/v2\/media\/704"}],"wp:attachment":[{"href":"http:\/\/alde.lu\/index.php?rest_route=%2Fwp%2Fv2%2Fmedia&parent=41735"}],"wp:term":[{"taxonomy":"category","embeddable":true,"href":"http:\/\/alde.lu\/index.php?rest_route=%2Fwp%2Fv2%2Fcategories&post=41735"},{"taxonomy":"post_tag","embeddable":true,"href":"http:\/\/alde.lu\/index.php?rest_route=%2Fwp%2Fv2%2Ftags&post=41735"}],"curies":[{"name":"wp","href":"https:\/\/api.w.org\/{rel}","templated":true}]}}